{"id":525,"date":"2026-04-25T09:00:07","date_gmt":"2026-04-25T12:00:07","guid":{"rendered":"https:\/\/livingmoments.blog\/?p=525"},"modified":"2026-04-24T13:10:15","modified_gmt":"2026-04-24T16:10:15","slug":"melhores-eventos-wellness-no-brasil-em-2026-guia-completo","status":"publish","type":"post","link":"https:\/\/livingmoments.blog\/pt\/2026\/04\/25\/melhores-eventos-wellness-no-brasil-em-2026-guia-completo\/","title":{"rendered":"Melhores Eventos Wellness no Brasil em 2026 (Guia Completo)"},"content":{"rendered":"<p data-start=\"196\" data-end=\"332\">O Brasil est\u00e1 vivendo uma nova fase: o crescimento do <strong data-start=\"250\" data-end=\"272\">wellness lifestyle<\/strong> \u2014 onde sa\u00fade, m\u00fasica, est\u00e9tica e experi\u00eancias se encontram.<\/p>\n<p data-start=\"334\" data-end=\"502\">De festivais em praias paradis\u00edacas at\u00e9 eventos urbanos em parques de S\u00e3o Paulo, <strong data-start=\"415\" data-end=\"459\">2026 promete ser um dos anos mais fortes<\/strong> para quem quer viver bem-estar com estilo.<\/p>\n<p data-start=\"504\" data-end=\"651\">Neste guia, voc\u00ea vai encontrar os <strong data-start=\"538\" data-end=\"585\">melhores eventos wellness no Brasil em 2026<\/strong>, com links oficiais para acompanhar datas, ingressos e novidades.<\/p>\n<hr data-start=\"653\" data-end=\"656\" \/>\n<h2 data-section-id=\"1ukl28c\" data-start=\"658\" data-end=\"693\">\ud83d\udccd Eventos Wellness em S\u00e3o Paulo<\/h2>\n<p data-start=\"695\" data-end=\"776\">S\u00e3o Paulo se tornou o <strong data-start=\"717\" data-end=\"749\">epicentro do wellness social<\/strong>, com eventos que misturam:<\/p>\n<ul data-start=\"778\" data-end=\"902\">\n<li data-section-id=\"llgzp9\" data-start=\"778\" data-end=\"807\">m\u00fasica eletr\u00f4nica leve \ud83c\udfa7<\/li>\n<li data-section-id=\"hmcm5p\" data-start=\"808\" data-end=\"832\">caf\u00e9 e gastronomia \u2615<\/li>\n<li data-section-id=\"1wk4aig\" data-start=\"833\" data-end=\"861\">atividades f\u00edsicas \ud83e\uddd8\u200d\u2640\ufe0f<\/li>\n<li data-section-id=\"gjkbpw\" data-start=\"862\" data-end=\"902\">p\u00fablico jovem, criativo e est\u00e9tico \u2728<\/li>\n<\/ul>\n<hr data-start=\"904\" data-end=\"907\" \/>\n<h2 data-section-id=\"fgbred\" data-start=\"1035\" data-end=\"1078\">\ud83c\udf3f NOW Festival (NOVO \u2014 tend\u00eancia forte)<\/h2>\n<p data-start=\"1079\" data-end=\"1099\">\ud83d\udccd Parque Ibirapuera<\/p>\n<p data-start=\"1101\" data-end=\"1150\">Um dos eventos que mais est\u00e1 crescendo no Brasil.<\/p>\n<p data-start=\"1152\" data-end=\"1175\">Mistura perfeita entre:<\/p>\n<ul data-start=\"1177\" data-end=\"1294\">\n<li data-section-id=\"1qyjtb1\" data-start=\"1177\" data-end=\"1197\">yoga e movimento<\/li>\n<li data-section-id=\"10xh3lq\" data-start=\"1198\" data-end=\"1234\">DJs (organic house \/ afro house)<\/li>\n<li data-section-id=\"u5fer\" data-start=\"1235\" data-end=\"1262\">experi\u00eancias sensoriais<\/li>\n<li data-section-id=\"1cdwvaw\" data-start=\"1263\" data-end=\"1294\">comunidade wellness moderna<\/li>\n<\/ul>\n<p data-start=\"1296\" data-end=\"1406\">\ud83d\udc49 Atmosfera est\u00e9tica + energ\u00e9tica + social<br data-start=\"1339\" data-end=\"1342\" \/>\ud83d\udc49 P\u00fablico altamente engajado (\u00f3timo para networking e conte\u00fado)<\/p>\n<p data-start=\"1408\" data-end=\"1477\">\ud83d\udca1 <strong data-start=\"1411\" data-end=\"1477\">Perfeito para quem quer viver o wellness como lifestyle urbano<\/strong><\/p>\n<p data-start=\"1408\" data-end=\"1477\"><a href=\"https:\/\/www.instagram.com\/coffeefestivalbrasil\/\" target=\"_blank\" rel=\"noopener\">\ud83d\udd17<\/a>NOW Festival<\/p>\n<hr data-start=\"1479\" data-end=\"1482\" \/>\n<h2 data-section-id=\"1plyvze\" data-start=\"1484\" data-end=\"1508\">\ud83c\udfa7 The Coffee Beats<\/h2>\n<p data-start=\"935\" data-end=\"957\">\ud83d\udccd Parque Burle Marx<\/p>\n<p data-start=\"959\" data-end=\"1000\">Um dos eventos mais desejados do momento.<\/p>\n<p data-start=\"1002\" data-end=\"1025\">Mistura perfeita entre:<\/p>\n<ul data-start=\"1026\" data-end=\"1128\">\n<li data-section-id=\"152y97q\" data-start=\"1026\" data-end=\"1046\">yoga e funcional<\/li>\n<li data-section-id=\"o7d3q5\" data-start=\"1047\" data-end=\"1082\">DJs (organic house, afro house)<\/li>\n<li data-section-id=\"6v2xi9\" data-start=\"1083\" data-end=\"1100\">caf\u00e9 especial<\/li>\n<li data-section-id=\"u5fer\" data-start=\"1101\" data-end=\"1128\">experi\u00eancias sensoriais<\/li>\n<\/ul>\n<p data-start=\"1130\" data-end=\"1193\">\ud83d\udc49 Ideal para quem quer uma <strong data-start=\"1158\" data-end=\"1193\">\u201cbalada saud\u00e1vel durante o dia\u201d<\/strong><\/p>\n<p data-start=\"1195\" data-end=\"1239\"><a href=\"https:\/\/www.instagram.com\/thecoffeebeats\/\" target=\"_blank\" rel=\"noopener\">\ud83d\udd17The Coffee Beats<\/a><\/p>\n<hr data-start=\"1241\" data-end=\"1244\" \/>\n<h3 data-section-id=\"u5dyt2\" data-start=\"1246\" data-end=\"1292\">\ud83c\udf3f Festival de Caf\u00e9 no Parque Burle Marx<\/h3>\n<p data-start=\"1294\" data-end=\"1359\">Eventos recorrentes que combinam:<\/p>\n<ul>\n<li data-section-id=\"1eref2o\" data-start=\"1852\" data-end=\"1867\">gastronomia<\/li>\n<li data-section-id=\"z2xcuf\" data-start=\"1868\" data-end=\"1878\">m\u00fasica<\/li>\n<li data-section-id=\"1dvf9ok\" data-start=\"1879\" data-end=\"1901\">lifestyle criativo<\/li>\n<\/ul>\n<p data-start=\"1361\" data-end=\"1429\">\ud83d\udc49 Entrada muitas vezes gratuita<br data-start=\"1393\" data-end=\"1396\" \/>\ud83d\udc49 P\u00fablico criativo e conectado<\/p>\n<p data-start=\"1431\" data-end=\"1481\"><a href=\"https:\/\/www.instagram.com\/coffeefestivalbrasil\/\" target=\"_blank\" rel=\"noopener\">\ud83d\udd17 The Festival Brasil<\/a><\/p>\n<hr data-start=\"1483\" data-end=\"1486\" \/>\n<h3 data-section-id=\"hxk5m6\" data-start=\"1488\" data-end=\"1509\">\ud83c\udfa8 FAM Festival<\/h3>\n<p data-start=\"1511\" data-end=\"1569\">Festival urbano com :<\/p>\n<ul>\n<li data-section-id=\"181p216\" data-start=\"2022\" data-end=\"2030\">arte<\/li>\n<li data-section-id=\"z2xcuf\" data-start=\"2031\" data-end=\"2041\">m\u00fasica<\/li>\n<li data-section-id=\"150qcnp\" data-start=\"2042\" data-end=\"2068\">experi\u00eancias culturais<\/li>\n<\/ul>\n<p data-start=\"1571\" data-end=\"1659\">\ud83d\udc49 Mais art\u00edstico e alternativo<br data-start=\"1602\" data-end=\"1605\" \/>\ud83d\udc49 Excelente para cria\u00e7\u00e3o de conte\u00fado e storytelling<\/p>\n<p data-start=\"1661\" data-end=\"1702\"><a href=\"ttps:\/\/www.instagram.com\/famfestival\/\" target=\"_blank\" rel=\"noopener\">\ud83d\udd17 FAM Festival<\/a><\/p>\n<hr data-start=\"1704\" data-end=\"1707\" \/>\n<h3 data-section-id=\"2qdpw9\" data-start=\"1709\" data-end=\"1749\">\ud83c\udf33 Eventos em Parques de S\u00e3o Paulo<\/h3>\n<p data-start=\"1751\" data-end=\"1797\">\ud83d\udccd Parque Ibirapuera<br data-start=\"1771\" data-end=\"1774\" \/>\ud83d\udccd Parque Villa-Lobos<\/p>\n<p data-start=\"1799\" data-end=\"1843\">Nesses parques voc\u00ea encontra frequentemente:<\/p>\n<ul data-start=\"1845\" data-end=\"1914\">\n<li data-section-id=\"1pymznl\" data-start=\"1845\" data-end=\"1865\">yoga ao ar livre<\/li>\n<li data-section-id=\"pa284s\" data-start=\"1866\" data-end=\"1887\">eventos gratuitos<\/li>\n<li data-section-id=\"55hpey\" data-start=\"1888\" data-end=\"1914\">experi\u00eancias imersivas<\/li>\n<\/ul>\n<p data-start=\"1916\" data-end=\"1991\">\ud83d\udd17 <a class=\"decorated-link\" href=\"http:\/\/Parque Ibirapuera\" target=\"_new\" rel=\"noopener\" data-start=\"1919\" data-end=\"1952\">Parque Ibirapuer<\/a><a class=\"decorated-link\" href=\"http:\/\/Parque Ibirapuera\" target=\"_new\" rel=\"noopener\" data-start=\"1919\" data-end=\"1952\">a<\/a><br data-start=\"1952\" data-end=\"1955\" \/>\ud83d\udd17<a href=\"https:\/\/www.parquevillalobos.net\/\" target=\"_blank\" rel=\"noopener\"> Parque Villa-Lobos<\/a><\/p>\n<hr data-start=\"1993\" data-end=\"1996\" \/>\n<h3 data-section-id=\"1pw1fk4\" data-start=\"1998\" data-end=\"2026\">\ud83d\udcaa Fitness Brasil Expo<\/h3>\n<p data-start=\"2028\" data-end=\"2067\">Maior evento fitness da Am\u00e9rica Latina.<\/p>\n<p data-start=\"2069\" data-end=\"2125\">\ud83d\udc49 Ideal para networking, tend\u00eancias e mercado fitness<\/p>\n<p data-start=\"2127\" data-end=\"2159\">\ud83d\udd17<a href=\"https:\/\/fitnessbrasil.com.br\/\" target=\"_blank\" rel=\"noopener\"> Fitness Brasil<\/a><\/p>\n<hr data-start=\"2161\" data-end=\"2164\" \/>\n<h2 data-section-id=\"1xqsjin\" data-start=\"2166\" data-end=\"2200\">\ud83c\udf0e Eventos Wellness pelo Brasil<\/h2>\n<hr data-start=\"2202\" data-end=\"2205\" \/>\n<h3 data-section-id=\"1dk2wp3\" data-start=\"2207\" data-end=\"2229\">\ud83c\udf34 Soma Wellness<\/h3>\n<p data-start=\"2230\" data-end=\"2251\">\ud83d\udccd Atins \u2013 Maranh\u00e3o<\/p>\n<p data-start=\"2253\" data-end=\"2291\">Um dos eventos mais completos do pa\u00eds.<\/p>\n<p data-start=\"2293\" data-end=\"2300\">Inclui:<\/p>\n<ul data-start=\"2301\" data-end=\"2347\">\n<li data-section-id=\"1d64njs\" data-start=\"2301\" data-end=\"2309\">yoga<\/li>\n<li data-section-id=\"z8le5t\" data-start=\"2310\" data-end=\"2322\">esportes<\/li>\n<li data-section-id=\"1fzqghj\" data-start=\"2323\" data-end=\"2336\">palestras<\/li>\n<li data-section-id=\"cowf5q\" data-start=\"2337\" data-end=\"2347\">festas<\/li>\n<\/ul>\n<p data-start=\"2349\" data-end=\"2384\">\ud83d\udc49 Experi\u00eancia premium + natureza<\/p>\n<p data-start=\"2386\" data-end=\"2428\">\ud83d\udd17<a href=\"https:\/\/www.instagram.com\/somawellness\/\" target=\"_blank\" rel=\"noopener\"> Soma Wellness<\/a><\/p>\n<hr data-start=\"2430\" data-end=\"2433\" \/>\n<h3 data-section-id=\"16uzu8p\" data-start=\"2435\" data-end=\"2464\">\ud83c\udf0a Paraty Yoga Festival<\/h3>\n<p data-start=\"2465\" data-end=\"2481\">\ud83d\udccd Paraty \u2013 RJ<\/p>\n<ul data-start=\"2483\" data-end=\"2571\">\n<li data-section-id=\"jqdsen\" data-start=\"2483\" data-end=\"2539\">Um dos maiores festivais gratuitos de yoga do Brasil<\/li>\n<li data-section-id=\"vxj6q\" data-start=\"2540\" data-end=\"2571\">Comunidade + impacto social<\/li>\n<\/ul>\n<p data-start=\"2573\" data-end=\"2614\">\ud83d\udd17 <a class=\"decorated-link\" href=\"https:\/\/www.paratyyogafestival.com.br\/\" target=\"_new\" rel=\"noopener\" data-start=\"2576\" data-end=\"2614\">Paraty Yoga Festival<\/a><\/p>\n<hr data-start=\"2616\" data-end=\"2619\" \/>\n<h3 data-section-id=\"dgsycz\" data-start=\"2621\" data-end=\"2655\">\ud83c\udf04 Festival de Yoga de Arax\u00e1<\/h3>\n<p data-start=\"2656\" data-end=\"2673\">\ud83d\udccd Minas Gerais<\/p>\n<ul data-start=\"2675\" data-end=\"2731\">\n<li data-section-id=\"go9u1\" data-start=\"2675\" data-end=\"2696\">Imers\u00e3o de 3 dias<\/li>\n<li data-section-id=\"bnwid\" data-start=\"2697\" data-end=\"2731\">Ambiente sofisticado e natural<\/li>\n<\/ul>\n<p data-start=\"2733\" data-end=\"2780\">\ud83d\udd17<a href=\"https:\/\/www.instagram.com\/yogafestivalaraxa\/\" target=\"_blank\" rel=\"noopener\"> Yoga Festival Arax\u00e1<\/a><\/p>\n<hr data-start=\"2782\" data-end=\"2785\" \/>\n<h3 data-section-id=\"9qll48\" data-start=\"2787\" data-end=\"2818\">\ud83c\udf3f Bras\u00edlia Yoga Festival<\/h3>\n<p data-start=\"2819\" data-end=\"2832\">\ud83d\udccd Bras\u00edlia<\/p>\n<ul data-start=\"2834\" data-end=\"2863\">\n<li data-section-id=\"dxdw5a\" data-start=\"2834\" data-end=\"2863\">Yoga + natureza + retiros<\/li>\n<\/ul>\n<p data-start=\"2865\" data-end=\"2916\"><a href=\"https:\/\/www.instagram.com\/brasilia.yogafestival\/\" target=\"_blank\" rel=\"noopener\">\ud83d\udd17Bras\u00edlia Yoga Festival<\/a><\/p>\n<hr data-start=\"2918\" data-end=\"2921\" \/>\n<h3 data-section-id=\"1w9dvm9\" data-start=\"2923\" data-end=\"2954\">\ud83e\uddec Summit Wellness Brasil<\/h3>\n<p data-start=\"2955\" data-end=\"2967\">\ud83d\udccd Goi\u00e2nia<\/p>\n<ul data-start=\"2969\" data-end=\"3009\">\n<li data-section-id=\"ac7o4d\" data-start=\"2969\" data-end=\"2994\">Tend\u00eancias de mercado<\/li>\n<li data-section-id=\"oljq8m\" data-start=\"2995\" data-end=\"3009\">Networking<\/li>\n<\/ul>\n<p data-start=\"3011\" data-end=\"3057\">\ud83d\udd17<a href=\"https:\/\/www.instagram.com\/summitwellnessbr\/\" target=\"_blank\" rel=\"noopener\">Summit Wellness<\/a><\/p>\n<hr data-start=\"3059\" data-end=\"3062\" \/>\n<h3 data-section-id=\"1s7vk6x\" data-start=\"3064\" data-end=\"3094\">\ud83c\udf0a Floripa Yoga Festival<\/h3>\n<p data-start=\"3095\" data-end=\"3114\">\ud83d\udccd Santa Catarina<\/p>\n<ul data-start=\"3116\" data-end=\"3176\">\n<li data-section-id=\"qmu0yv\" data-start=\"3116\" data-end=\"3144\">Arte + natureza + m\u00fasica<\/li>\n<li data-section-id=\"1wfb46q\" data-start=\"3145\" data-end=\"3176\">P\u00fablico jovem e alternativo<\/li>\n<\/ul>\n<p data-start=\"3178\" data-end=\"3227\"><a href=\"https:\/\/www.instagram.com\/floripayogafestival\/\" target=\"_blank\" rel=\"noopener\">\ud83d\udd17Floripa Yoga Festival<\/a><\/p>\n<hr data-start=\"3229\" data-end=\"3232\" \/>\n<h2 data-section-id=\"oau8d\" data-start=\"3234\" data-end=\"3267\">\ud83d\udd25 Tend\u00eancias Wellness em 2026<\/h2>\n<p data-start=\"3269\" data-end=\"3360\">O movimento wellness vai al\u00e9m dos eventos \u2014 ele est\u00e1 criando novos formatos de experi\u00eancia:<\/p>\n<h3 data-section-id=\"1uf32zb\" data-start=\"3362\" data-end=\"3384\">\u2615 Coffee Parties<\/h3>\n<p data-start=\"3385\" data-end=\"3431\">Eventos que misturam caf\u00e9, m\u00fasica e lifestyle.<\/p>\n<h3 data-section-id=\"x5bhya\" data-start=\"3433\" data-end=\"3453\">\ud83c\udfa7 Yoga com DJ<\/h3>\n<p data-start=\"3454\" data-end=\"3491\">Espiritualidade com est\u00e9tica moderna.<\/p>\n<h3 data-section-id=\"18lmm58\" data-start=\"3493\" data-end=\"3515\">\ud83c\udf3f Day Festivals<\/h3>\n<p data-start=\"3516\" data-end=\"3564\">Festivais durante o dia com vibe leve e natural.<\/p>\n<h3 data-section-id=\"jguoaq\" data-start=\"3566\" data-end=\"3594\">\ud83e\uddd8\u200d\u2640\ufe0f Retiros Boutique<\/h3>\n<p data-start=\"3595\" data-end=\"3644\">Experi\u00eancias exclusivas com poucos participantes.<\/p>\n<hr data-start=\"3646\" data-end=\"3649\" \/>\n<p data-start=\"3667\" data-end=\"3800\">O wellness no Brasil est\u00e1 evoluindo rapidamente \u2014 e n\u00e3o se trata apenas de sa\u00fade, mas de <strong data-start=\"3756\" data-end=\"3799\">estilo de vida, conex\u00f5es e experi\u00eancias<\/strong>.<\/p>\n<p data-start=\"3802\" data-end=\"3921\">Se voc\u00ea busca momentos \u00fanicos, energia boa e novas formas de viver, <strong data-start=\"3870\" data-end=\"3921\">2026 \u00e9 o ano ideal para explorar esse universo.<\/strong><\/p>","protected":false},"excerpt":{"rendered":"<p>O Brasil est\u00e1 vivendo uma nova fase: o crescimento do wellness lifestyle \u2014 onde sa\u00fade, m\u00fasica, est\u00e9tica e experi\u00eancias se encontram. De festivais em praias paradis\u00edacas at\u00e9 eventos urbanos em parques de S\u00e3o Paulo, 2026 promete ser um dos anos mais fortes para quem quer viver bem-estar com estilo. Neste guia, voc\u00ea vai encontrar os [&hellip;]<\/p>\n","protected":false},"author":268455638,"featured_media":633,"comment_status":"open","ping_status":"open","sticky":false,"template":"","format":"standard","meta":{"_bbp_topic_count":0,"_bbp_reply_count":0,"_bbp_total_topic_count":0,"_bbp_total_reply_count":0,"_bbp_voice_count":0,"_bbp_anonymous_reply_count":0,"_bbp_topic_count_hidden":0,"_bbp_reply_count_hidden":0,"_bbp_forum_subforum_count":0,"_crdt_document":"","_monsterinsights_skip_tracking":false,"_monsterinsights_sitenote_active":false,"_monsterinsights_sitenote_note":"","_monsterinsights_sitenote_category":0,"_mbp_gutenberg_autopost":false,"_jetpack_newsletter_access":"","_jetpack_dont_email_post_to_subs":false,"_jetpack_newsletter_tier_id":0,"_jetpack_memberships_contains_paywalled_content":false,"_jetpack_memberships_contains_paid_content":false,"footnotes":"","jetpack_publicize_message":"Melhores Eventos Wellness no Brasil em 2026 (Guia Completo)","jetpack_publicize_feature_enabled":true,"jetpack_social_post_already_shared":true,"jetpack_social_options":{"image_generator_settings":{"template":"highway","default_image_id":0,"font":"","enabled":false},"version":2},"_wpas_customize_per_network":false,"jetpack_post_was_ever_published":false},"categories":[772974,773008,772975],"tags":[773029,773034,773036,773035,773031,773039,773038,772992,772991,773037],"class_list":["post-525","post","type-post","status-publish","format-standard","has-post-thumbnail","hentry","category-livingmoments-blog-experiences","category-explore","category-livingmoments-blog-lifestyle","tag-brasil","tag-eventos","tag-festivais","tag-fitness","tag-lifestyle","tag-natureza","tag-parques","tag-wellness","tag-yoga","tag-yoga-festival"],"jetpack_publicize_connections":[],"jetpack_featured_media_url":"https:\/\/i0.wp.com\/livingmoments.blog\/wp-content\/uploads\/2026\/04\/ChatGPT-Image-23-de-abr.-de-2026-12_38_09.png?fit=1535%2C1024&ssl=1","jetpack_likes_enabled":true,"jetpack_sharing_enabled":true,"jetpack_shortlink":"https:\/\/wp.me\/ph9n6g-8t","jetpack-related-posts":[],"_links":{"self":[{"href":"https:\/\/livingmoments.blog\/pt\/wp-json\/wp\/v2\/posts\/525","targetHints":{"allow":["GET"]}}],"collection":[{"href":"https:\/\/livingmoments.blog\/pt\/wp-json\/wp\/v2\/posts"}],"about":[{"href":"https:\/\/livingmoments.blog\/pt\/wp-json\/wp\/v2\/types\/post"}],"author":[{"embeddable":true,"href":"https:\/\/livingmoments.blog\/pt\/wp-json\/wp\/v2\/users\/268455638"}],"replies":[{"embeddable":true,"href":"https:\/\/livingmoments.blog\/pt\/wp-json\/wp\/v2\/comments?post=525"}],"version-history":[{"count":5,"href":"https:\/\/livingmoments.blog\/pt\/wp-json\/wp\/v2\/posts\/525\/revisions"}],"predecessor-version":[{"id":635,"href":"https:\/\/livingmoments.blog\/pt\/wp-json\/wp\/v2\/posts\/525\/revisions\/635"}],"wp:featuredmedia":[{"embeddable":true,"href":"https:\/\/livingmoments.blog\/pt\/wp-json\/wp\/v2\/media\/633"}],"wp:attachment":[{"href":"https:\/\/livingmoments.blog\/pt\/wp-json\/wp\/v2\/media?parent=525"}],"wp:term":[{"taxonomy":"category","embeddable":true,"href":"https:\/\/livingmoments.blog\/pt\/wp-json\/wp\/v2\/categories?post=525"},{"taxonomy":"post_tag","embeddable":true,"href":"https:\/\/livingmoments.blog\/pt\/wp-json\/wp\/v2\/tags?post=525"}],"curies":[{"name":"wp","href":"https:\/\/api.w.org\/{rel}","templated":true}]}}